{"id":14830,"date":"2025-01-22T11:35:38","date_gmt":"2025-01-22T10:35:38","guid":{"rendered":"https:\/\/dimgrey-goat-433611.hostingersite.com\/es\/bergstrom-estara-presente-en-la-feria-de-stuttgart-2025\/"},"modified":"2025-02-06T10:27:44","modified_gmt":"2025-02-06T09:27:44","slug":"bergstrom-messe-stuttgart-2025","status":"publish","type":"post","link":"https:\/\/bergstrominc.com\/es\/de\/bergstrom-messe-stuttgart-2025\/","title":{"rendered":"Bergstrom wird auf der Stuttgarter Messe 2025 vertreten sein"},"content":{"rendered":"\n<h2 class=\"wp-block-heading\">\n          <strong>\n            <strong>Bergstrom und seine Teilnahme an der Stuttgarter Messe<\/strong>\n          <\/strong>\n        <\/h2>\n\n\n\n<p><a href=\"https:\/\/bergstrominc.com\/es\/de\/\">Bergstrom<\/a>, der renommierte Hersteller von Fahrzeugklimaanlagen, stellt seine innovativen Produkte vom <strong>23 bis 26 Januar<\/strong> 2025 auf der <strong>Stuttgarter Messe<\/strong> in <strong>Halle C1 Selbstausbau &#8211; Stand C23 aus<\/strong>. Bei dieser Gelegenheit wird das Unternehmen seine Produkte : <a href=\"https:\/\/bergstromcaravaning.com\/de\/openair-12v-full-inverter\/\">OpenAir 12V<\/a> und <a href=\"https:\/\/bergstromcaravaning.com\/de\/ever\/\">EVER<\/a>-vorstellen.<\/p>\n\n\n\n<p>Die <a href=\"https:\/\/www.messe-stuttgart.de\/\">Stuttgarter Messe<\/a> hat sich zu einer der bedeutendsten Veranstaltungen im Touristik- und Freizeitbereich entwickelt, auf der die neuesten Entwicklungen bei Technik und Produkten rund ums Caravaning pr\u00e4sentiert werden. Dieses Jahr wird Bergstrom nicht zur\u00fcckbleiben und diese Plattform nutzen, um seine innovativen Produkte und L\u00f6sungen vorzustellen. <\/p>\n\n\n\n<figure class=\"wp-block-image size-large is-resized\" style=\"margin-top:var(--wp--preset--spacing--40);margin-bottom:var(--wp--preset--spacing--40)\"><img fetchpriority=\"high\" decoding=\"async\" width=\"1024\" height=\"768\" src=\"https:\/\/bergstrominc.com\/es\/wp-content\/uploads\/2025\/01\/OpenAir-y-EVER-1024x768.jpg\" alt=\"\" class=\"wp-image-14700\" style=\"object-fit:contain;width:400px;height:300px\" srcset=\"https:\/\/bergstrominc.com\/es\/wp-content\/uploads\/2025\/01\/OpenAir-y-EVER-1024x768.jpg 1024w, https:\/\/bergstrominc.com\/es\/wp-content\/uploads\/2025\/01\/OpenAir-y-EVER-300x225.jpg 300w, https:\/\/bergstrominc.com\/es\/wp-content\/uploads\/2025\/01\/OpenAir-y-EVER-768x576.jpg 768w, https:\/\/bergstrominc.com\/es\/wp-content\/uploads\/2025\/01\/OpenAir-y-EVER-1536x1152.jpg 1536w, https:\/\/bergstrominc.com\/es\/wp-content\/uploads\/2025\/01\/OpenAir-y-EVER-600x450.jpg 600w, https:\/\/bergstrominc.com\/es\/wp-content\/uploads\/2025\/01\/OpenAir-y-EVER.jpg 2040w\" sizes=\"(max-width: 1024px) 100vw, 1024px\" \/><\/figure>\n\n\n\n<p>\n          <strong>OpenAir 12V: Innovation in der Fahrzeugklimatisierung<\/strong>\n        <\/p>\n\n\n\n<p>Die <strong>OpenAir 12V Full Inverter<\/strong> von <a href=\"https:\/\/bergstrominc.com\/es\/de\/\">Bergstrom <\/a>ist eines der mit gr\u00f6\u00dfter Spannung erwarteten Produkte dieser Messe. Dieses energieeffiziente und energiesparende Klimaanlage soll das Wohnerlebnis in Ihrem Wohnwagen verbessern und f\u00fcr eine angenehme und k\u00fchle Umgebung sorgen, ohne die Energieeffizienz des Fahrzeugs zu beeintr\u00e4chtigen.<\/p>\n\n\n\n<p>Mit <a href=\"https:\/\/bergstromcaravaning.com\/wp-content\/uploads\/2024\/05\/BG-0PA-3T-G-DE.pdf\">OpenAir <\/a>genie\u00dfen Sie optimale Klimatisierung in Ihrem Wohnmobil und erreichen jederzeit und \u00fcberall die gew\u00fcnschte Temperatur. Das effizienteste, \u00f6kologischste und kosteng\u00fcnstigste Klimasystem der neuesten Generation f\u00fcr Caravans und Wohnmobile. Dieses System ist insbesondere im Zusammenhang mit Caravaning-Fahrzeugen relevant, bei denen Energieeffizienz und Frische im Fahrzeuginneren im Vordergrund stehen.  <\/p>\n\n\n\n<figure class=\"wp-block-image aligncenter size-full is-resized\" style=\"margin-top:var(--wp--preset--spacing--50);margin-bottom:var(--wp--preset--spacing--50)\"><a href=\"https:\/\/bergstromcaravaning.com\/de\/openair-12v-full-inverter\/\"><img decoding=\"async\" width=\"450\" height=\"350\" src=\"https:\/\/bergstrominc.com\/es\/wp-content\/uploads\/2024\/05\/openair-mock.png\" alt=\"openair-mock\" class=\"wp-image-2380\" style=\"object-fit:cover;width:250px;height:200px\" srcset=\"https:\/\/bergstrominc.com\/es\/wp-content\/uploads\/2024\/05\/openair-mock.png 450w, https:\/\/bergstrominc.com\/es\/wp-content\/uploads\/2024\/05\/openair-mock-300x233.png 300w\" sizes=\"(max-width: 450px) 100vw, 450px\" \/><\/a><\/figure>\n\n\n\n<p>Dieses Produkt von Bergstrom nutzt fortschrittliche Technologie, um selbst unter Bedingungen hoher Beanspruchung ein angenehmes, wirksames und anhaltendes Frischegef\u00fchl zu vermitteln. Dar\u00fcber hinaus ist es aufgrund seines kompakten und effizienten Designs die ideale Wahl f\u00fcr Fahrzeuge jeder Gr\u00f6\u00dfe und verbessert das Fahrerlebnis f\u00fcr Fahrer und Passagiere.<\/p>\n\n\n\n<p><strong>Hauptvorteile der OpenAir 12V<\/strong><\/p>\n\n\n\n<ul class=\"wp-block-list\">\n<li><strong>Energieeffizient<\/strong>: Entwickelt f\u00fcr den Betrieb mit einer 12-V-Stromversorgung und daher ideal f\u00fcr Wohnwagen und Wohnmobile.<\/li>\n\n\n\n<li><strong>Langstreckenkomfort:<\/strong> Sorgt f\u00fcr eine effiziente und ausgewogene Klimatisierung und gew\u00e4hrleistet so auch unter extremen Bedingungen ein angenehmes Raumklima.<\/li>\n\n\n\n<li><strong>Fortschrittliche Technologie:<\/strong> Integration hochmoderner Komponenten, die Effizienz und Leistung verbessern.<\/li>\n<\/ul>\n\n\n\n<p><strong>EVER: klimatisierung f\u00fcr Elektrofahrzeuge<\/strong><\/p>\n\n\n\n<p><a href=\"https:\/\/bergstromcaravaning.com\/de\/ever\/\">EVER <\/a>von Bergstrom ist eine innovative L\u00f6sung zur <strong>Klimatisierung von Fahrzeugen im Caravanbereich.<\/strong> Der einzige Verdunstungsk\u00fchler f\u00fcr Wohnmobile und andere Freizeitfahrzeuge, bei dem Sie neben der Gebl\u00e4segeschwindigkeit auch die Luftzufuhrtemperatur w\u00e4hlen k\u00f6nnen. Das <a href=\"https:\/\/bergstromcaravaning.com\/de\/ever\/\">EVER<\/a>-System optimiert die K\u00fchlung, verhindert eine \u00dcberhitzung und verbessert die Energieeffizienz des Fahrzeugs.<\/p>\n\n\n\n<p>Es wurde mit der<strong> fortschrittlichsten Technologie entwickelt<\/strong>, um eine effiziente Leistung, einen geringeren Kraftstoffverbrauch und weniger CO2-Emissionen zu erzielen. Es sind diese v\u00f6llig neuen Funktionen, die es auf dem Freizeitfahrzeugmarkt einzigartig machen.<\/p>\n\n\n\n<p>Der einzige Verdunstungsk\u00fchler, bei dem Sie zwischen zwei Installationsoptionen w\u00e4hlen k\u00f6nnen und der f\u00fcr den Betrieb mit jedem Wasserpumpentyp vorbereitet ist.<\/p>\n\n\n\n<figure class=\"wp-block-image aligncenter size-full is-resized\"><a href=\"https:\/\/bergstromcaravaning.com\/de\/ever\/\"><img decoding=\"async\" width=\"450\" height=\"350\" src=\"https:\/\/bergstrominc.com\/es\/wp-content\/uploads\/2024\/05\/ever-mock.png\" alt=\"\" class=\"wp-image-2379\" style=\"object-fit:cover;width:300px;height:250px\" srcset=\"https:\/\/bergstrominc.com\/es\/wp-content\/uploads\/2024\/05\/ever-mock.png 450w, https:\/\/bergstrominc.com\/es\/wp-content\/uploads\/2024\/05\/ever-mock-300x233.png 300w\" sizes=\"(max-width: 450px) 100vw, 450px\" \/><\/a><\/figure>\n\n\n\n<p>\n          <strong>Besuchen Sie uns auf der Messe Stuttgart<\/strong>\n        <\/p>\n\n\n\n<p>Wenn Sie mehr \u00fcber OpenAir 12V und EVER erfahren m\u00f6chten, besuchen Sie unbedingt den Stand von Bergstrom auf der Stuttgarter Messe vom 23. bis 26. Januar. Dies ist eine hervorragende Gelegenheit, mit Experten zu interagieren und zu erfahren, wie die L\u00f6sungen von Bergstrom die Branche revolutionieren.<\/p>\n\n\n\n<p><strong>Verpassen Sie nicht die Gelegenheit, Teil dieses herausragenden Events zu sein und besuchen Sie den Stand C23 in Halle C1 Selbstaubau!<\/strong><\/p>\n\n\n\n<p><\/p>\n","protected":false},"excerpt":{"rendered":"<p>Bergstrom wird auf der Stuttgarter Messe seine Produkte OpenAir 12V und EVER pr\u00e4sentieren. OpenAir 12V verbessert die Luftfilterung in Elektrofahrzeugen, w\u00e4hrend EVER die W\u00e4rmekontrolle optimiert und so die Energieeffizienz und Nachhaltigkeit der Elektromobilit\u00e4t verbessert. <\/p>\n","protected":false},"author":11,"featured_media":14703,"comment_status":"open","ping_status":"open","sticky":false,"template":"","format":"standard","meta":{"site-sidebar-layout":"default","site-content-layout":"","ast-site-content-layout":"default","site-content-style":"default","site-sidebar-style":"default","ast-global-header-display":"","ast-banner-title-visibility":"","ast-main-header-display":"","ast-hfb-above-header-display":"","ast-hfb-below-header-display":"","ast-hfb-mobile-header-display":"","site-post-title":"","ast-breadcrumbs-content":"","ast-featured-img":"","footer-sml-layout":"","ast-disable-related-posts":"","theme-transparent-header-meta":"","adv-header-id-meta":"","stick-header-meta":"","header-above-stick-meta":"","header-main-stick-meta":"","header-below-stick-meta":"","astra-migrate-meta-layouts":"default","ast-page-background-enabled":"default","ast-page-background-meta":{"desktop":{"background-color":"var(--ast-global-color-4)","background-image":"","background-repeat":"repeat","background-position":"center center","background-size":"auto","background-attachment":"scroll","background-type":"","background-media":"","overlay-type":"","overlay-color":"","overlay-opacity":"","overlay-gradient":""},"tablet":{"background-color":"","background-image":"","background-repeat":"repeat","background-position":"center center","background-size":"auto","background-attachment":"scroll","background-type":"","background-media":"","overlay-type":"","overlay-color":"","overlay-opacity":"","overlay-gradient":""},"mobile":{"background-color":"","background-image":"","background-repeat":"repeat","background-position":"center center","background-size":"auto","background-attachment":"scroll","background-type":"","background-media":"","overlay-type":"","overlay-color":"","overlay-opacity":"","overlay-gradient":""}},"ast-content-background-meta":{"desktop":{"background-color":"var(--ast-global-color-5)","background-image":"","background-repeat":"repeat","background-position":"center center","background-size":"auto","background-attachment":"scroll","background-type":"","background-media":"","overlay-type":"","overlay-color":"","overlay-opacity":"","overlay-gradient":""},"tablet":{"background-color":"var(--ast-global-color-5)","background-image":"","background-repeat":"repeat","background-position":"center center","background-size":"auto","background-attachment":"scroll","background-type":"","background-media":"","overlay-type":"","overlay-color":"","overlay-opacity":"","overlay-gradient":""},"mobile":{"background-color":"var(--ast-global-color-5)","background-image":"","background-repeat":"repeat","background-position":"center center","background-size":"auto","background-attachment":"scroll","background-type":"","background-media":"","overlay-type":"","overlay-color":"","overlay-opacity":"","overlay-gradient":""}},"footnotes":""},"categories":[186],"tags":[187,188,189,190,191,192,193,194,195,196,197,198,199],"class_list":["post-14830","post","type-post","status-publish","format-standard","has-post-thumbnail","hentry","category-ferias-de","tag-12v-de","tag-aire-acondicionado-de","tag-alemania-de","tag-autocaravanas-de","tag-bergstrom-de","tag-caravanas-de","tag-caravaning-de","tag-ever-de","tag-feria-de","tag-ferias-de","tag-openair-de","tag-openair-12v-de","tag-stuttgart-de"],"_links":{"self":[{"href":"https:\/\/bergstrominc.com\/es\/de\/wp-json\/wp\/v2\/posts\/14830","targetHints":{"allow":["GET"]}}],"collection":[{"href":"https:\/\/bergstrominc.com\/es\/de\/wp-json\/wp\/v2\/posts"}],"about":[{"href":"https:\/\/bergstrominc.com\/es\/de\/wp-json\/wp\/v2\/types\/post"}],"author":[{"embeddable":true,"href":"https:\/\/bergstrominc.com\/es\/de\/wp-json\/wp\/v2\/users\/11"}],"replies":[{"embeddable":true,"href":"https:\/\/bergstrominc.com\/es\/de\/wp-json\/wp\/v2\/comments?post=14830"}],"version-history":[{"count":6,"href":"https:\/\/bergstrominc.com\/es\/de\/wp-json\/wp\/v2\/posts\/14830\/revisions"}],"predecessor-version":[{"id":15246,"href":"https:\/\/bergstrominc.com\/es\/de\/wp-json\/wp\/v2\/posts\/14830\/revisions\/15246"}],"wp:featuredmedia":[{"embeddable":true,"href":"https:\/\/bergstrominc.com\/es\/de\/wp-json\/wp\/v2\/media\/14703"}],"wp:attachment":[{"href":"https:\/\/bergstrominc.com\/es\/de\/wp-json\/wp\/v2\/media?parent=14830"}],"wp:term":[{"taxonomy":"category","embeddable":true,"href":"https:\/\/bergstrominc.com\/es\/de\/wp-json\/wp\/v2\/categories?post=14830"},{"taxonomy":"post_tag","embeddable":true,"href":"https:\/\/bergstrominc.com\/es\/de\/wp-json\/wp\/v2\/tags?post=14830"}],"curies":[{"name":"wp","href":"https:\/\/api.w.org\/{rel}","templated":true}]}}