{"id":14742,"date":"2025-01-22T11:35:38","date_gmt":"2025-01-22T10:35:38","guid":{"rendered":"https:\/\/dimgrey-goat-433611.hostingersite.com\/es\/?p=14742"},"modified":"2025-02-07T12:59:42","modified_gmt":"2025-02-07T11:59:42","slug":"bergstrom-estara-presente-en-la-feria-de-stuttgart-2025","status":"publish","type":"post","link":"https:\/\/bergstrominc.com\/es\/bergstrom-estara-presente-en-la-feria-de-stuttgart-2025\/","title":{"rendered":"Bergstrom estar\u00e1 presente en la Feria de Stuttgart 2025"},"content":{"rendered":"\n<h2 class=\"wp-block-heading\"><strong><strong>Bergstrom y su participaci\u00f3n en la Feria de Stuttgart<\/strong><\/strong><\/h2>\n\n\n\n<p>Nosotros, <strong><a href=\"https:\/\/bergstrominc.com\/es\/\" data-type=\"link\" data-id=\"https:\/\/bergstrominc.com\/es\/\">Bergstrom<\/a><\/strong>, el reconocido fabricante de soluciones de climatizaci\u00f3n para veh\u00edculos, estaremos exhibiendo en el <strong>Pabell\u00f3n C1 Selbstausbau &#8211; Stand C23<\/strong> nuestros innovadores productos en la <strong>Feria de Stuttgart<\/strong>, que se celebrar\u00e1 del <strong>23 al 26 de enero de 2025<\/strong>. En esta ocasi\u00f3n, destacaremos nuestros equipos <strong><a href=\"https:\/\/bergstromcaravaning.com\/openair-12v-full-inverter\/\" data-type=\"link\" data-id=\"https:\/\/bergstromcaravaning.com\/openair-12v-full-inverter\/\">OpenAir 12V <\/a><\/strong>y <strong><a href=\"https:\/\/bergstromcaravaning.com\/ever\/\" data-type=\"link\" data-id=\"https:\/\/bergstromcaravaning.com\/ever\/\">EVER<\/a><\/strong>.<\/p>\n\n\n\n<p>La <a href=\"https:\/\/www.messe-stuttgart.de\/cmt\/en\/\">Feria de Stuttgart<\/a> se ha convertido en uno de los eventos m\u00e1s importantes de turismo y ocio, donde se presentan las \u00faltimas novedades en tecnolog\u00eda y productos para caravanas. Este a\u00f1o no nos quedaremos atr\u00e1s y aprovecharemos esta plataforma para mostrar nuestros productos y soluciones innovadoras.<\/p>\n\n\n\n<figure class=\"wp-block-image size-large is-resized\" style=\"margin-top:var(--wp--preset--spacing--40);margin-bottom:var(--wp--preset--spacing--40)\"><a href=\"https:\/\/www.messe-stuttgart.de\/cmt\/en\/\"><img fetchpriority=\"high\" decoding=\"async\" width=\"1024\" height=\"768\" src=\"https:\/\/bergstrominc.com\/es\/wp-content\/uploads\/2025\/01\/OpenAir-y-EVER-1024x768.jpg\" alt=\"\" class=\"wp-image-14700\" style=\"object-fit:contain;width:400px;height:300px\" srcset=\"https:\/\/bergstrominc.com\/es\/wp-content\/uploads\/2025\/01\/OpenAir-y-EVER-1024x768.jpg 1024w, https:\/\/bergstrominc.com\/es\/wp-content\/uploads\/2025\/01\/OpenAir-y-EVER-300x225.jpg 300w, https:\/\/bergstrominc.com\/es\/wp-content\/uploads\/2025\/01\/OpenAir-y-EVER-768x576.jpg 768w, https:\/\/bergstrominc.com\/es\/wp-content\/uploads\/2025\/01\/OpenAir-y-EVER-1536x1152.jpg 1536w, https:\/\/bergstrominc.com\/es\/wp-content\/uploads\/2025\/01\/OpenAir-y-EVER-600x450.jpg 600w, https:\/\/bergstrominc.com\/es\/wp-content\/uploads\/2025\/01\/OpenAir-y-EVER.jpg 2040w\" sizes=\"(max-width: 1024px) 100vw, 1024px\" \/><\/a><\/figure>\n\n\n\n<p><strong>OpenAir 12V: Innovaci\u00f3n en climatizaci\u00f3n para veh\u00edculos<\/strong><\/p>\n\n\n\n<p>Nuestro equipo <strong><a href=\"https:\/\/bergstromcaravaning.com\/openair-12v-full-inverter\/\">OpenAir 12V Full Inverter<\/a><\/strong> es uno de los productos m\u00e1s esperados en esta edici\u00f3n de la feria. Este sistema de climatizaci\u00f3n eficiente y de bajo consumo est\u00e1 dise\u00f1ado para mejorar la experiencia en el interior de tu caravana, manteniendo un ambiente confortable y fresco sin comprometer el rendimiento energ\u00e9tico del veh\u00edculo.<\/p>\n\n\n\n<p>El OpenAir te permite tener la mejor climatizaci\u00f3n para tu autocaravana, consiguiendo la temperatura deseada, donde y cuando se quiera. Es el aire acondicionado m\u00e1s eficiente, ecol\u00f3gico y rentable de \u00faltima generaci\u00f3n, dise\u00f1ado espec\u00edficamente para caravanas y autocaravanas. Este sistema es especialmente relevante en el contexto de los veh\u00edculos del sector del caravaning, donde la eficiencia energ\u00e9tica y el frescor dentro del veh\u00edculo son clave.<\/p>\n\n\n\n<figure class=\"wp-block-image aligncenter size-full is-resized\" style=\"margin-top:var(--wp--preset--spacing--50);margin-bottom:var(--wp--preset--spacing--50)\"><a href=\"https:\/\/bergstromcaravaning.com\/openair-12v-full-inverter\/\"><img decoding=\"async\" width=\"450\" height=\"350\" src=\"https:\/\/bergstrominc.com\/es\/wp-content\/uploads\/2024\/05\/openair-mock.png\" alt=\"openair-mock\" class=\"wp-image-2380\" style=\"aspect-ratio:4\/3;object-fit:cover;width:250px\" srcset=\"https:\/\/bergstrominc.com\/es\/wp-content\/uploads\/2024\/05\/openair-mock.png 450w, https:\/\/bergstrominc.com\/es\/wp-content\/uploads\/2024\/05\/openair-mock-300x233.png 300w\" sizes=\"(max-width: 450px) 100vw, 450px\" \/><\/a><\/figure>\n\n\n\n<p>Este producto utiliza tecnolog\u00eda avanzada para ofrecer una sensaci\u00f3n agradable de frescor, eficaz y continua, incluso en condiciones de alta demanda. Adem\u00e1s, su dise\u00f1o compacto y eficiente lo convierte en una opci\u00f3n ideal para veh\u00edculos de cualquier tama\u00f1o, mejorando la experiencia de conducci\u00f3n tanto para los conductores como para los pasajeros.<\/p>\n\n\n\n<p><strong>Beneficios clave del OpenAir 12V<\/strong><\/p>\n\n\n\n<ul class=\"wp-block-list\">\n<li><strong>Eficiencia energ\u00e9tica:<\/strong> Dise\u00f1ado para operar con una alimentaci\u00f3n de 12V, lo que lo hace ideal para caravanas y autocaravanas.<\/li>\n\n\n\n<li><strong>Confort de largo alcance:<\/strong> Proporciona una climatizaci\u00f3n eficiente y equilibrada, asegurando un ambiente confortable incluso en condiciones extremas.<\/li>\n\n\n\n<li><strong>Tecnolog\u00eda avanzada:<\/strong> Incorporando componentes de \u00faltima generaci\u00f3n que mejoran la eficiencia y el rendimiento.<\/li>\n<\/ul>\n\n\n\n<p><strong>EVER: soluci\u00f3n de control t\u00e9rmico para veh\u00edculos el\u00e9ctricos<\/strong><\/p>\n\n\n\n<p>El <a href=\"https:\/\/bergstromcaravaning.com\/ever\/\"><strong>EVER<\/strong> <\/a>de Bergstrom es una innovadora soluci\u00f3n de control t\u00e9rmico dise\u00f1ada para caravanas y autocaravanas. Este sistema \u00fanico permite ajustar tanto la <strong>temperatura del aire<\/strong> como las <strong>velocidades del soplador<\/strong>, ofreciendo un control total sobre el ambiente interior. Su tecnolog\u00eda avanzada optimiza la <strong>refrigeraci\u00f3n<\/strong>, evitando sobrecalentamientos y mejorando la <strong>eficiencia energ\u00e9tica<\/strong>, lo que reduce el gasto de combustible y las emisiones de CO2. Adem\u00e1s, el <strong>EVER<\/strong> es compatible con diferentes bombas de agua y se puede instalar de dos maneras, adapt\u00e1ndose a las necesidades de cada veh\u00edculo. Es la opci\u00f3n perfecta para mantener un ambiente confortable y sostenible en los veh\u00edculos de recreo.<\/p>\n\n\n\n<figure class=\"wp-block-image aligncenter size-full is-resized\"><a href=\"https:\/\/bergstromcaravaning.com\/ever\/\"><img decoding=\"async\" width=\"450\" height=\"350\" src=\"https:\/\/bergstrominc.com\/es\/wp-content\/uploads\/2024\/05\/ever-mock.png\" alt=\"\" class=\"wp-image-2379\" style=\"aspect-ratio:4\/3;object-fit:cover;width:250px\" srcset=\"https:\/\/bergstrominc.com\/es\/wp-content\/uploads\/2024\/05\/ever-mock.png 450w, https:\/\/bergstrominc.com\/es\/wp-content\/uploads\/2024\/05\/ever-mock-300x233.png 300w\" sizes=\"(max-width: 450px) 100vw, 450px\" \/><\/a><\/figure>\n\n\n\n<p><strong>Vis\u00edtanos en la Feria de Stuttgart<\/strong><\/p>\n\n\n\n<p>Si deseas conocer m\u00e1s sobre el OpenAir 12V y el EVER, no olvides visitar nuestro stand en la Feria de Stuttgart del 23 al 26 de enero. Este ser\u00e1 un excelente espacio para interactuar con nuestros expertos y descubrir c\u00f3mo nuestras soluciones est\u00e1n revolucionando la climatizaci\u00f3n en la industria.<\/p>\n\n\n\n<p><strong>\u00a1No te pierdas la oportunidad de ser parte de este evento destacado y p\u00e1sate por su stand, lo puedes encontrar en el Pabell\u00f3n C1 Selbstausbau &#8211; Stand C23!<\/strong><\/p>\n\n\n\n<p><\/p>\n","protected":false},"excerpt":{"rendered":"<p>Bergstrom participar\u00e1 en la Feria de Stuttgart, presentando sus productos OpenAir 12V y EVER. El OpenAir 12V mejora la filtraci\u00f3n de aire en veh\u00edculos el\u00e9ctricos, mientras que EVER optimiza el control t\u00e9rmico, mejorando la eficiencia energ\u00e9tica y la sostenibilidad en la movilidad el\u00e9ctrica.<\/p>\n","protected":false},"author":11,"featured_media":14700,"comment_status":"open","ping_status":"open","sticky":false,"template":"","format":"standard","meta":{"site-sidebar-layout":"default","site-content-layout":"","ast-site-content-layout":"default","site-content-style":"default","site-sidebar-style":"default","ast-global-header-display":"","ast-banner-title-visibility":"","ast-main-header-display":"","ast-hfb-above-header-display":"","ast-hfb-below-header-display":"","ast-hfb-mobile-header-display":"","site-post-title":"","ast-breadcrumbs-content":"","ast-featured-img":"","footer-sml-layout":"","ast-disable-related-posts":"","theme-transparent-header-meta":"","adv-header-id-meta":"","stick-header-meta":"","header-above-stick-meta":"","header-main-stick-meta":"","header-below-stick-meta":"","astra-migrate-meta-layouts":"default","ast-page-background-enabled":"default","ast-page-background-meta":{"desktop":{"background-color":"var(--ast-global-color-4)","background-image":"","background-repeat":"repeat","background-position":"center center","background-size":"auto","background-attachment":"scroll","background-type":"","background-media":"","overlay-type":"","overlay-color":"","overlay-opacity":"","overlay-gradient":""},"tablet":{"background-color":"","background-image":"","background-repeat":"repeat","background-position":"center center","background-size":"auto","background-attachment":"scroll","background-type":"","background-media":"","overlay-type":"","overlay-color":"","overlay-opacity":"","overlay-gradient":""},"mobile":{"background-color":"","background-image":"","background-repeat":"repeat","background-position":"center center","background-size":"auto","background-attachment":"scroll","background-type":"","background-media":"","overlay-type":"","overlay-color":"","overlay-opacity":"","overlay-gradient":""}},"ast-content-background-meta":{"desktop":{"background-color":"var(--ast-global-color-5)","background-image":"","background-repeat":"repeat","background-position":"center center","background-size":"auto","background-attachment":"scroll","background-type":"","background-media":"","overlay-type":"","overlay-color":"","overlay-opacity":"","overlay-gradient":""},"tablet":{"background-color":"var(--ast-global-color-5)","background-image":"","background-repeat":"repeat","background-position":"center center","background-size":"auto","background-attachment":"scroll","background-type":"","background-media":"","overlay-type":"","overlay-color":"","overlay-opacity":"","overlay-gradient":""},"mobile":{"background-color":"var(--ast-global-color-5)","background-image":"","background-repeat":"repeat","background-position":"center center","background-size":"auto","background-attachment":"scroll","background-type":"","background-media":"","overlay-type":"","overlay-color":"","overlay-opacity":"","overlay-gradient":""}},"footnotes":""},"categories":[162],"tags":[168,89,166,171,88,163,90,170,164,165,157,169,167],"class_list":["post-14742","post","type-post","status-publish","format-standard","has-post-thumbnail","hentry","category-ferias","tag-12v","tag-aire-acondicionado","tag-alemania","tag-autocaravanas","tag-bergstrom","tag-caravanas","tag-caravaning","tag-ever","tag-feria","tag-ferias","tag-openair","tag-openair-12v","tag-stuttgart"],"_links":{"self":[{"href":"https:\/\/bergstrominc.com\/es\/wp-json\/wp\/v2\/posts\/14742","targetHints":{"allow":["GET"]}}],"collection":[{"href":"https:\/\/bergstrominc.com\/es\/wp-json\/wp\/v2\/posts"}],"about":[{"href":"https:\/\/bergstrominc.com\/es\/wp-json\/wp\/v2\/types\/post"}],"author":[{"embeddable":true,"href":"https:\/\/bergstrominc.com\/es\/wp-json\/wp\/v2\/users\/11"}],"replies":[{"embeddable":true,"href":"https:\/\/bergstrominc.com\/es\/wp-json\/wp\/v2\/comments?post=14742"}],"version-history":[{"count":3,"href":"https:\/\/bergstrominc.com\/es\/wp-json\/wp\/v2\/posts\/14742\/revisions"}],"predecessor-version":[{"id":15419,"href":"https:\/\/bergstrominc.com\/es\/wp-json\/wp\/v2\/posts\/14742\/revisions\/15419"}],"wp:featuredmedia":[{"embeddable":true,"href":"https:\/\/bergstrominc.com\/es\/wp-json\/wp\/v2\/media\/14700"}],"wp:attachment":[{"href":"https:\/\/bergstrominc.com\/es\/wp-json\/wp\/v2\/media?parent=14742"}],"wp:term":[{"taxonomy":"category","embeddable":true,"href":"https:\/\/bergstrominc.com\/es\/wp-json\/wp\/v2\/categories?post=14742"},{"taxonomy":"post_tag","embeddable":true,"href":"https:\/\/bergstrominc.com\/es\/wp-json\/wp\/v2\/tags?post=14742"}],"curies":[{"name":"wp","href":"https:\/\/api.w.org\/{rel}","templated":true}]}}