{"id":15249,"date":"2025-03-12T10:25:04","date_gmt":"2025-03-12T09:25:04","guid":{"rendered":"https:\/\/dimgrey-goat-433611.hostingersite.com\/es\/?p=15249"},"modified":"2025-03-12T10:40:45","modified_gmt":"2025-03-12T09:40:45","slug":"bergstrom-patrocinador-y-expositor-en-la-feria-de-zamora","status":"publish","type":"post","link":"https:\/\/bergstrominc.com\/es\/bergstrom-patrocinador-y-expositor-en-la-feria-de-zamora\/","title":{"rendered":"Bergstrom patrocinador y expositor en la feria de Zamora"},"content":{"rendered":"\t\t<div data-elementor-type=\"wp-post\" data-elementor-id=\"15249\" class=\"elementor elementor-15249\" data-elementor-post-type=\"post\">\n\t\t\t\t<div class=\"elementor-element elementor-element-0fdec3e e-flex e-con-boxed e-con e-parent\" data-id=\"0fdec3e\" data-element_type=\"container\" data-e-type=\"container\" data-settings=\"{&quot;jet_parallax_layout_list&quot;:[]}\">\n\t\t\t\t\t<div class=\"e-con-inner\">\n\t\t\t\t<div class=\"elementor-element elementor-element-1d97779 elementor-widget elementor-widget-text-editor\" data-id=\"1d97779\" data-element_type=\"widget\" data-e-type=\"widget\" data-widget_type=\"text-editor.default\">\n\t\t\t\t<div class=\"elementor-widget-container\">\n\t\t\t\t\t\t\t\t\t<p data-start=\"0\" data-end=\"103\"><strong data-start=\"0\" data-end=\"103\">Bergstrom te invita a Expo Caravan CYL 2025: \u00a1Transforma tu experiencia de caravaning con nosotros!<\/strong><\/p><p data-start=\"105\" data-end=\"658\">En <a href=\"https:\/\/bergstromcaravaning.com\/\">Bergstrom<\/a> estamos m\u00e1s que emocionados de anunciar nuestra participaci\u00f3n en la <strong data-start=\"190\" data-end=\"229\">primera edici\u00f3n de Expo Caravan CYL<\/strong>, que se celebrar\u00e1 del <strong data-start=\"252\" data-end=\"306\">20 al 23 de marzo en el recinto de IFEZA en Zamora<\/strong>. Este evento es el lugar donde se dan cita los principales expertos, fabricantes y marcas del sector del caravaning, y no quer\u00edamos quedarnos fuera de esta cita tan importante. Como patrocinadores del evento, confiamos plenamente en el potencial de esta feria, y estamos convencidos de que ser\u00e1 un \u00e9xito rotundo, \u00a1esperamos que se repita a\u00f1o tras a\u00f1o!<\/p><h3 data-start=\"660\" data-end=\"700\">\u00a0<\/h3>\t\t\t\t\t\t\t\t<\/div>\n\t\t\t\t<\/div>\n\t\t\t\t<div class=\"elementor-element elementor-element-4fe54c2 elementor-widget elementor-widget-image\" data-id=\"4fe54c2\" data-element_type=\"widget\" data-e-type=\"widget\" data-widget_type=\"image.default\">\n\t\t\t\t<div class=\"elementor-widget-container\">\n\t\t\t\t\t\t\t\t\t\t\t\t\t\t\t<img fetchpriority=\"high\" decoding=\"async\" width=\"1024\" height=\"549\" src=\"https:\/\/bergstrominc.com\/es\/wp-content\/uploads\/2025\/03\/expocaravancyl-feria-del-caravaning-encaravana-1024x549.webp\" class=\"attachment-large size-large wp-image-16267\" alt=\"\" srcset=\"https:\/\/bergstrominc.com\/es\/wp-content\/uploads\/2025\/03\/expocaravancyl-feria-del-caravaning-encaravana-1024x549.webp 1024w, https:\/\/bergstrominc.com\/es\/wp-content\/uploads\/2025\/03\/expocaravancyl-feria-del-caravaning-encaravana-300x161.webp 300w, https:\/\/bergstrominc.com\/es\/wp-content\/uploads\/2025\/03\/expocaravancyl-feria-del-caravaning-encaravana-768x411.webp 768w, https:\/\/bergstrominc.com\/es\/wp-content\/uploads\/2025\/03\/expocaravancyl-feria-del-caravaning-encaravana-600x321.webp 600w, https:\/\/bergstrominc.com\/es\/wp-content\/uploads\/2025\/03\/expocaravancyl-feria-del-caravaning-encaravana.webp 1400w\" sizes=\"(max-width: 1024px) 100vw, 1024px\" \/>\t\t\t\t\t\t\t\t\t\t\t\t\t\t\t<\/div>\n\t\t\t\t<\/div>\n\t\t\t\t<div class=\"elementor-element elementor-element-9922a3b elementor-widget elementor-widget-text-editor\" data-id=\"9922a3b\" data-element_type=\"widget\" data-e-type=\"widget\" data-widget_type=\"text-editor.default\">\n\t\t\t\t<div class=\"elementor-widget-container\">\n\t\t\t\t\t\t\t\t\t<p data-start=\"105\" data-end=\"658\">\u00a0<\/p><h3 data-start=\"660\" data-end=\"700\">\u00bfPor qu\u00e9 asistir a Expo Caravan CYL?<\/h3><p data-start=\"702\" data-end=\"1082\">Para nosotros, en <strong data-start=\"720\" data-end=\"733\">Bergstrom<\/strong>, el caravaning es mucho m\u00e1s que una pasi\u00f3n; es una forma de transformar la manera en que vivimos nuestros viajes, y por eso estamos comprometidos en ofrecerte las mejores soluciones tecnol\u00f3gicas y de equipamiento para que disfrutes al m\u00e1ximo de tu experiencia sobre ruedas. Aqu\u00ed te dejamos algunas razones para que no faltes a la cita con nosotros:<\/p><ul data-start=\"1084\" data-end=\"2200\"><li data-start=\"1084\" data-end=\"1431\"><p data-start=\"1086\" data-end=\"1431\"><strong data-start=\"1086\" data-end=\"1131\">Soluciones innovadoras para el caravaning<\/strong>: en nuestro stand, podr\u00e1s conocer las \u00faltimas innovaciones que hemos desarrollado para mejorar tu experiencia en la carretera. Podr\u00e1s descubrir nuestros mejores equipos, en Bergstrom tenemos todo lo que necesitas para hacer de cada viaje una aventura inolvidable.<\/p><\/li><li data-start=\"1435\" data-end=\"1768\"><p data-start=\"1437\" data-end=\"1768\"><strong data-start=\"1437\" data-end=\"1477\">Tecnolog\u00eda avanzada y sostenibilidad<\/strong>: en Bergstrom estamos comprometidos con el dise\u00f1o y la tecnolog\u00eda m\u00e1s avanzada, y tambi\u00e9n con la sostenibilidad. Presentaremos soluciones que no solo mejoran la eficiencia en la refrigeraci\u00f3n de tu veh\u00edculo, sino que tambi\u00e9n cuidan el medio ambiente, permiti\u00e9ndote disfrutar de la naturaleza sin comprometerla.<\/p><\/li><li data-start=\"1770\" data-end=\"2200\"><p data-start=\"1772\" data-end=\"2200\"><strong data-start=\"1772\" data-end=\"1790\">OpenAir y Ever<\/strong>: Como parte de nuestra participaci\u00f3n en Expo Caravan CYL, te invitamos a conocer nuestras soluciones m\u00e1s destacadas, como el <a href=\"https:\/\/bergstromcaravaning.com\/openair-12v-full-inverter\/\">OpenAir<\/a>, un concepto revolucionario para quienes buscan un estilo de vida m\u00e1s libre y natural. Adem\u00e1s, el <a href=\"https:\/\/bergstromcaravaning.com\/ever\/\">Ever <\/a>ser\u00e1 uno de los modelos clave que presentaremos, pensado para los viajeros m\u00e1s exigentes que desean un veh\u00edculo con todas las comodidades y tecnolog\u00eda de vanguardia.<\/p><\/li><\/ul><h3 data-start=\"2202\" data-end=\"2264\">Bergstrom, patrocinador y protagonista de Expo Caravan CYL<\/h3><p data-start=\"2266\" data-end=\"2566\">En <a href=\"https:\/\/bergstromcaravaning.com\/\">Bergstrom<\/a>, no solo participamos con nuestro stand de esta feria sino que tambi\u00e9n somos patrocinadores de la feria. Confiamos en la enorme capacidad de Expo Caravan CYL para convertirse en un evento de referencia en el sector, y estamos muy orgullosos de formar parte de esta primera edici\u00f3n.<\/p><p data-start=\"2568\" data-end=\"3002\">Creemos que la feria ser\u00e1 un punto de encuentro \u00fanico para los entusiastas del caravaning, donde podr\u00e1n descubrir las \u00faltimas tendencias y modelos, intercambiar experiencias y, por supuesto, conocer todo lo que Bergstrom tiene para ofrecer. Ya seas un viajero experimentado o est\u00e9s dando tus primeros pasos en este mundo, en nuestro stand encontrar\u00e1s las mejores opciones para equipar tu veh\u00edculo y llevar tu experiencia a otro nivel.<\/p><h3 data-start=\"3004\" data-end=\"3031\">\u00bfTe gustar\u00eda saber m\u00e1s?<\/h3><p data-start=\"3033\" data-end=\"3274\">Si eres de los que buscan calidad, innovaci\u00f3n y soluciones pensadas para hacer de cada viaje una experiencia \u00fanica, <strong data-start=\"3149\" data-end=\"3174\">Bergstrom es tu marca<\/strong>. No te pierdas la oportunidad de conocer todo lo que tenemos preparado para ti en Expo Caravan CYL.<\/p><p data-start=\"3276\" data-end=\"3470\"><strong data-start=\"3276\" data-end=\"3337\">Ven a visitarnos en IFEZA (Zamora), del 20 al 23 de marzo<\/strong>. Te esperamos con los brazos abiertos y muchas sorpresas que har\u00e1n que tu viaje sobre ruedas sea m\u00e1s c\u00f3modo, eficiente y sostenible.<\/p><p data-start=\"3276\" data-end=\"3470\">Os dejamos una imagen de la disposici\u00f3n de los stand para que os resulte m\u00e1s f\u00e1cil encontrarnos en la feria.<\/p>\t\t\t\t\t\t\t\t<\/div>\n\t\t\t\t<\/div>\n\t\t\t\t<div class=\"elementor-element elementor-element-fd75d49 elementor-widget elementor-widget-image\" data-id=\"fd75d49\" data-element_type=\"widget\" data-e-type=\"widget\" data-widget_type=\"image.default\">\n\t\t\t\t<div class=\"elementor-widget-container\">\n\t\t\t\t\t\t\t\t\t\t\t\t\t\t\t<img decoding=\"async\" width=\"833\" height=\"354\" src=\"https:\/\/bergstrominc.com\/es\/wp-content\/uploads\/2025\/03\/feria-zamora-mapa-stand.png\" class=\"attachment-large size-large wp-image-16262\" alt=\"\" srcset=\"https:\/\/bergstrominc.com\/es\/wp-content\/uploads\/2025\/03\/feria-zamora-mapa-stand.png 833w, https:\/\/bergstrominc.com\/es\/wp-content\/uploads\/2025\/03\/feria-zamora-mapa-stand-300x127.png 300w, https:\/\/bergstrominc.com\/es\/wp-content\/uploads\/2025\/03\/feria-zamora-mapa-stand-768x326.png 768w, https:\/\/bergstrominc.com\/es\/wp-content\/uploads\/2025\/03\/feria-zamora-mapa-stand-600x255.png 600w\" sizes=\"(max-width: 833px) 100vw, 833px\" \/>\t\t\t\t\t\t\t\t\t\t\t\t\t\t\t<\/div>\n\t\t\t\t<\/div>\n\t\t\t\t\t<\/div>\n\t\t\t\t<\/div>\n\t\t<div class=\"elementor-element elementor-element-866c28d e-flex e-con-boxed e-con e-parent\" data-id=\"866c28d\" data-element_type=\"container\" data-e-type=\"container\" data-settings=\"{&quot;jet_parallax_layout_list&quot;:[]}\">\n\t\t\t\t\t<div class=\"e-con-inner\">\n\t\t\t\t<div class=\"elementor-element elementor-element-ecf9923 elementor-widget elementor-widget-text-editor\" data-id=\"ecf9923\" data-element_type=\"widget\" data-e-type=\"widget\" data-widget_type=\"text-editor.default\">\n\t\t\t\t<div class=\"elementor-widget-container\">\n\t\t\t\t\t\t\t\t\t<h3 data-start=\"3472\" data-end=\"3519\">M\u00e1s informaci\u00f3n sobre el evento y Bergstrom<\/h3><p data-start=\"3521\" data-end=\"3681\">No olvides visitar <a href=\"https:\/\/bergstromcaravaning.com\/\">nuestra p\u00e1gina web<\/a> y <a href=\"https:\/\/expocaravancyl.com\/\">la de la feria<\/a> para obtener toda la informaci\u00f3n sobre las novedades y la participaci\u00f3n de Bergstrom en Expo Caravan CYL.<\/p><p data-start=\"3805\" data-end=\"3830\" data-is-last-node=\"\" data-is-only-node=\"\"><strong data-start=\"3805\" data-end=\"3830\" data-is-last-node=\"\">\u00a1Nos vemos en Zamora!<\/strong><\/p>\t\t\t\t\t\t\t\t<\/div>\n\t\t\t\t<\/div>\n\t\t\t\t\t<\/div>\n\t\t\t\t<\/div>\n\t\t\t\t<\/div>\n\t\t","protected":false},"excerpt":{"rendered":"<p>Bergstrom te invita a Expo Caravan CYL 2025: \u00a1Transforma tu experiencia de caravaning con nosotros! En Bergstrom estamos m\u00e1s que [&hellip;]<\/p>\n","protected":false},"author":11,"featured_media":16267,"comment_status":"open","ping_status":"open","sticky":false,"template":"","format":"standard","meta":{"site-sidebar-layout":"default","site-content-layout":"","ast-site-content-layout":"default","site-content-style":"default","site-sidebar-style":"default","ast-global-header-display":"","ast-banner-title-visibility":"","ast-main-header-display":"","ast-hfb-above-header-display":"","ast-hfb-below-header-display":"","ast-hfb-mobile-header-display":"","site-post-title":"","ast-breadcrumbs-content":"","ast-featured-img":"","footer-sml-layout":"","ast-disable-related-posts":"","theme-transparent-header-meta":"","adv-header-id-meta":"","stick-header-meta":"","header-above-stick-meta":"","header-main-stick-meta":"","header-below-stick-meta":"","astra-migrate-meta-layouts":"default","ast-page-background-enabled":"default","ast-page-background-meta":{"desktop":{"background-color":"var(--ast-global-color-4)","background-image":"","background-repeat":"repeat","background-position":"center center","background-size":"auto","background-attachment":"scroll","background-type":"","background-media":"","overlay-type":"","overlay-color":"","overlay-opacity":"","overlay-gradient":""},"tablet":{"background-color":"","background-image":"","background-repeat":"repeat","background-position":"center center","background-size":"auto","background-attachment":"scroll","background-type":"","background-media":"","overlay-type":"","overlay-color":"","overlay-opacity":"","overlay-gradient":""},"mobile":{"background-color":"","background-image":"","background-repeat":"repeat","background-position":"center center","background-size":"auto","background-attachment":"scroll","background-type":"","background-media":"","overlay-type":"","overlay-color":"","overlay-opacity":"","overlay-gradient":""}},"ast-content-background-meta":{"desktop":{"background-color":"var(--ast-global-color-5)","background-image":"","background-repeat":"repeat","background-position":"center center","background-size":"auto","background-attachment":"scroll","background-type":"","background-media":"","overlay-type":"","overlay-color":"","overlay-opacity":"","overlay-gradient":""},"tablet":{"background-color":"var(--ast-global-color-5)","background-image":"","background-repeat":"repeat","background-position":"center center","background-size":"auto","background-attachment":"scroll","background-type":"","background-media":"","overlay-type":"","overlay-color":"","overlay-opacity":"","overlay-gradient":""},"mobile":{"background-color":"var(--ast-global-color-5)","background-image":"","background-repeat":"repeat","background-position":"center center","background-size":"auto","background-attachment":"scroll","background-type":"","background-media":"","overlay-type":"","overlay-color":"","overlay-opacity":"","overlay-gradient":""}},"footnotes":""},"categories":[162],"tags":[],"class_list":["post-15249","post","type-post","status-publish","format-standard","has-post-thumbnail","hentry","category-ferias"],"_links":{"self":[{"href":"https:\/\/bergstrominc.com\/es\/wp-json\/wp\/v2\/posts\/15249","targetHints":{"allow":["GET"]}}],"collection":[{"href":"https:\/\/bergstrominc.com\/es\/wp-json\/wp\/v2\/posts"}],"about":[{"href":"https:\/\/bergstrominc.com\/es\/wp-json\/wp\/v2\/types\/post"}],"author":[{"embeddable":true,"href":"https:\/\/bergstrominc.com\/es\/wp-json\/wp\/v2\/users\/11"}],"replies":[{"embeddable":true,"href":"https:\/\/bergstrominc.com\/es\/wp-json\/wp\/v2\/comments?post=15249"}],"version-history":[{"count":23,"href":"https:\/\/bergstrominc.com\/es\/wp-json\/wp\/v2\/posts\/15249\/revisions"}],"predecessor-version":[{"id":16275,"href":"https:\/\/bergstrominc.com\/es\/wp-json\/wp\/v2\/posts\/15249\/revisions\/16275"}],"wp:featuredmedia":[{"embeddable":true,"href":"https:\/\/bergstrominc.com\/es\/wp-json\/wp\/v2\/media\/16267"}],"wp:attachment":[{"href":"https:\/\/bergstrominc.com\/es\/wp-json\/wp\/v2\/media?parent=15249"}],"wp:term":[{"taxonomy":"category","embeddable":true,"href":"https:\/\/bergstrominc.com\/es\/wp-json\/wp\/v2\/categories?post=15249"},{"taxonomy":"post_tag","embeddable":true,"href":"https:\/\/bergstrominc.com\/es\/wp-json\/wp\/v2\/tags?post=15249"}],"curies":[{"name":"wp","href":"https:\/\/api.w.org\/{rel}","templated":true}]}}